
{"id":9545,"date":"2016-12-28T11:22:14","date_gmt":"2016-12-28T11:22:14","guid":{"rendered":"https:\/\/www.lejournalduforkane.com\/?p=2436"},"modified":"2017-07-23T13:18:48","modified_gmt":"2017-07-23T13:18:48","slug":"coexistence-necessaire-pacifique-des-chretiens-et-d-musulmans-2","status":"publish","type":"post","link":"https:\/\/www.lejournalduforkane.com\/index.php\/coexistence-necessaire-pacifique-des-chretiens-et-d-musulmans-2\/","title":{"rendered":"La coexistence n\u00e9cessaire pacifique des Chr\u00e9tiens et des Musulmans (2)"},"content":{"rendered":"<p style=\"text-align: justify;\">Les Chr\u00e9tiens, en effet, non d\u2019avenir que dans les pays musulmans.<!--more--> C\u2019est ainsi qu\u2019ils sont visibles dans les hautes sph\u00e8res du pouvoir et ils sont le moins touch\u00e9s par les troubles qui peuvent \u00e9branl\u00e9s ces pays. Car ils sont tr\u00e8s bien pourvus et instruit et donc, peuvent se permettre de fuir \u00e0 l\u2019\u00e9tranger et trouver une autre vie. Tandis que les Musulmans sont condamn\u00e9s \u00e0 subir les massacres de la main des salafistes wahhabites manipul\u00e9s par les sionistes, comme en Syrie.<\/p>\n<p style=\"text-align: justify;\">Les Etats-unis se servent du \u00ab\u00a0probl\u00e8me islamo-chr\u00e9tien\u00a0\u00bb pour prendre des sanctions contre les peuples du Moyen-Orient m\u00eame leurs alli\u00e9s. Pour l\u2019instant, tous ont les yeux tourn\u00e9s vers la Syrie dont la question sert d\u2019\u00e9chappatoire aux autres pays de la r\u00e9gion qui en profitent pour montrer qu\u2019ils sont toujours\u00a0 du \u00ab\u00a0non cot\u00e9\u00a0\u00bb. Or les temps ont chang\u00e9s. 2 terroristes ont \u00e9t\u00e9 arr\u00eat\u00e9s en Arabie pour tentative d\u2019attentats au Hedjaz. Un groupe salafiste wahhabite a \u00e9t\u00e9 d\u00e9mantel\u00e9 aux Emirats Arabes Unis. La perspective d\u2019attentats \u00e0 la Mecque se rapproche de plus en plus et avec elle, celle de la d\u00e9sint\u00e9gration du royaume wahhabite.<\/p>\n<p style=\"text-align: justify;\">Ce qui est surprenant, c\u2019est que les Chr\u00e9tiens qui sont un peuple qui pr\u00eachent l\u2019\u00a0\u00ab\u00a0amour du prochain\u00a0\u00bb, sont les plus privil\u00e9gi\u00e9s sous les dictatu<img loading=\"lazy\" class=\" wp-image-12288 alignleft\" src=\"https:\/\/www.lejournalduforkane.com\/wp-content\/uploads\/2014\/02\/co\u00e9xistance-1-300x278.jpg\" alt=\"co\u00e9xistance 1\" width=\"218\" height=\"202\" srcset=\"https:\/\/www.lejournalduforkane.com\/wp-content\/uploads\/2014\/02\/co\u00e9xistance-1-300x278.jpg 300w, https:\/\/www.lejournalduforkane.com\/wp-content\/uploads\/2014\/02\/co\u00e9xistance-1.jpg 424w\" sizes=\"(max-width: 218px) 100vw, 218px\" \/>res arabes. Comme les sionistes\u00a0en Tunisie et au Maroc par exemple. Sous Moubarak, en Egypte, un ministre de l\u2019\u00e9conomie et des finances \u00e9tait un Chr\u00e9tien, Boutos Boutros Ghali, deviendra secr\u00e9taire g\u00e9n\u00e9ral des Nations Unies, et son fils lui succ\u00e9dera au m\u00eame poste de ministre, Youssef Boutros Ghali. D\u2019o\u00f9 une forte collusion avec la dictature et une r\u00e9pression \u2026. contre la population\u2026musulmane. Reconnaissons que si les Musulmans voulaient attenter \u00e0 la vie des Chr\u00e9tiens, ils auraient du mal \u00e0 les trouver. Cependant comme les guerres civiles prennent de l\u2019ampleur, les salafistes wahhabites classent les Chr\u00e9tiens ostentatoirement pour que l\u2019Occident justifie de vastes pers\u00e9cutions contre les malheureux Musulmans.<\/p>\n","protected":false},"excerpt":{"rendered":"<p>Les Chr\u00e9tiens, en effet, non d\u2019avenir que dans les pays musulmans.<\/p>\n","protected":false},"author":1,"featured_media":0,"comment_status":"open","ping_status":"closed","sticky":false,"template":"","format":"standard","meta":[],"categories":[],"tags":[],"_links":{"self":[{"href":"https:\/\/www.lejournalduforkane.com\/index.php\/wp-json\/wp\/v2\/posts\/9545"}],"collection":[{"href":"https:\/\/www.lejournalduforkane.com\/index.php\/wp-json\/wp\/v2\/posts"}],"about":[{"href":"https:\/\/www.lejournalduforkane.com\/index.php\/wp-json\/wp\/v2\/types\/post"}],"author":[{"embeddable":true,"href":"https:\/\/www.lejournalduforkane.com\/index.php\/wp-json\/wp\/v2\/users\/1"}],"replies":[{"embeddable":true,"href":"https:\/\/www.lejournalduforkane.com\/index.php\/wp-json\/wp\/v2\/comments?post=9545"}],"version-history":[{"count":3,"href":"https:\/\/www.lejournalduforkane.com\/index.php\/wp-json\/wp\/v2\/posts\/9545\/revisions"}],"predecessor-version":[{"id":12310,"href":"https:\/\/www.lejournalduforkane.com\/index.php\/wp-json\/wp\/v2\/posts\/9545\/revisions\/12310"}],"wp:attachment":[{"href":"https:\/\/www.lejournalduforkane.com\/index.php\/wp-json\/wp\/v2\/media?parent=9545"}],"wp:term":[{"taxonomy":"category","embeddable":true,"href":"https:\/\/www.lejournalduforkane.com\/index.php\/wp-json\/wp\/v2\/categories?post=9545"},{"taxonomy":"post_tag","embeddable":true,"href":"https:\/\/www.lejournalduforkane.com\/index.php\/wp-json\/wp\/v2\/tags?post=9545"}],"curies":[{"name":"wp","href":"https:\/\/api.w.org\/{rel}","templated":true}]}}