
{"id":9552,"date":"2015-12-22T20:03:52","date_gmt":"2015-12-22T20:03:52","guid":{"rendered":"https:\/\/www.lejournalduforkane.com\/?p=6560"},"modified":"2015-12-22T20:03:52","modified_gmt":"2015-12-22T20:03:52","slug":"qui-est-responsable-d-sang-qui-coule-en-irak","status":"publish","type":"post","link":"https:\/\/www.lejournalduforkane.com\/index.php\/qui-est-responsable-d-sang-qui-coule-en-irak\/","title":{"rendered":"Qui est responsable du sang qui coule en Irak ?"},"content":{"rendered":"<p><!--more-->L&rsquo;ex premier ministre irakien Nouri Maliki a r\u00e9pondu \u00e0 ces questions depuis T\u00e9h\u00e9ran.<\/p>\n<p>Qui est le responsable dans la distinction et la diff\u00e9rence entre ce qui est chiite et ce qui est sunnite, entre ce qui est arabe et ce qui est kurde ? Qui s&rsquo;est ing\u00e9r\u00e9 au Liban ? Qui frappe le Y\u00e9men, ce pays stable et pauvre, avec ces m\u00e9thodes sauvages ? Qui a propag\u00e9 les antres de cette pens\u00e9e takfiriste arri\u00e9r\u00e9e dans tous les pays de la r\u00e9gion ? C&rsquo;est l&rsquo;Arabie Saoudite !!!! Et l&rsquo;\u00e9cole confessionnelle wahhabite !!!<br \/>\n<iframe loading=\"lazy\" src=\"https:\/\/www.youtube.com\/embed\/B04vEy6bGO4\" width=\"420\" height=\"315\" frameborder=\"0\" allowfullscreen=\"allowfullscreen\"><\/iframe><\/p>\n<p><a href=\"https:\/\/www.lejournalduforkane.com\/wp-content\/uploads\/2015\/08\/qui-est-responsable.png\"><img loading=\"lazy\" class=\"alignnone size-medium wp-image-8167\" src=\"https:\/\/www.lejournalduforkane.com\/wp-content\/uploads\/2015\/08\/qui-est-responsable-218x300.png\" alt=\"qui est responsable\" width=\"218\" height=\"300\" \/><\/a><\/p>\n<p>&nbsp;<\/p>\n","protected":false},"excerpt":{"rendered":"L'ex premier ministre irakien Nouri Maliki a r\u00e9pondu \u00e0 ces questions depuis T\u00e9h\u00e9ran. Qui est le responsable dans la distinction et la diff\u00e9rence entre ce qui est chiite et ce","protected":false},"author":1,"featured_media":0,"comment_status":"open","ping_status":"closed","sticky":false,"template":"","format":"standard","meta":[],"categories":[],"tags":[],"_links":{"self":[{"href":"https:\/\/www.lejournalduforkane.com\/index.php\/wp-json\/wp\/v2\/posts\/9552"}],"collection":[{"href":"https:\/\/www.lejournalduforkane.com\/index.php\/wp-json\/wp\/v2\/posts"}],"about":[{"href":"https:\/\/www.lejournalduforkane.com\/index.php\/wp-json\/wp\/v2\/types\/post"}],"author":[{"embeddable":true,"href":"https:\/\/www.lejournalduforkane.com\/index.php\/wp-json\/wp\/v2\/users\/1"}],"replies":[{"embeddable":true,"href":"https:\/\/www.lejournalduforkane.com\/index.php\/wp-json\/wp\/v2\/comments?post=9552"}],"version-history":[{"count":0,"href":"https:\/\/www.lejournalduforkane.com\/index.php\/wp-json\/wp\/v2\/posts\/9552\/revisions"}],"wp:attachment":[{"href":"https:\/\/www.lejournalduforkane.com\/index.php\/wp-json\/wp\/v2\/media?parent=9552"}],"wp:term":[{"taxonomy":"category","embeddable":true,"href":"https:\/\/www.lejournalduforkane.com\/index.php\/wp-json\/wp\/v2\/categories?post=9552"},{"taxonomy":"post_tag","embeddable":true,"href":"https:\/\/www.lejournalduforkane.com\/index.php\/wp-json\/wp\/v2\/tags?post=9552"}],"curies":[{"name":"wp","href":"https:\/\/api.w.org\/{rel}","templated":true}]}}