
{"id":9553,"date":"2017-04-01T16:33:44","date_gmt":"2017-04-01T16:33:44","guid":{"rendered":"https:\/\/www.lejournalduforkane.com\/?p=7813"},"modified":"2017-04-02T18:46:38","modified_gmt":"2017-04-02T18:46:38","slug":"encore-un-delire-de-precheurs-salafistes-wahhabites-issu-de-la-maudite-arabie","status":"publish","type":"post","link":"https:\/\/www.lejournalduforkane.com\/index.php\/encore-un-delire-de-precheurs-salafistes-wahhabites-issu-de-la-maudite-arabie\/","title":{"rendered":"[Vid\u00e9o] Encore un d\u00e9lire de pr\u00eacheurs salafistes wahhabites issu de la maudite Arabie"},"content":{"rendered":"<p><!--more--><\/p>\n<p style=\"text-align: justify;\">Encore un d\u00e9lire de pr\u00eacheurs salafistes wahhabites issu de la maudite Arabie, \u00ab Ne priez plus sur la famille du Proph\u00e8te (P) \u00bb.\u00a0Ce n\u2019est pas une rigolade mais une parole prononc\u00e9e par Salih Al Fawzan : \u00ab\u00a0Ne priez plus sur la famille du Proph\u00e8te si vous ne priez pas sur les compagnons, sinon vous serrez comme les chiites. Ou alors tout simplement : priez uniquement sur le Proph\u00e8te\u00a0\u00bb.<\/p>\n<p style=\"text-align: justify;\">IL EST CLAIR QUE L\u2019OBJECTIF DU WAHHABISME SALAFISME, PAR CES FATWAS, ET BEL EST BIEN D&rsquo;HUMILIER LA FAMILLE DU PROPH\u00c8TE (P) ET DIVISER LES MUSULMANS ..<br \/>\nMAIS AL-MAHDI VIENDRA BIENT\u00d4T POUR TUER CES CRIMINELS IMPOSTEURS ET DETRUIRE AUSSI LEUR CHEFS SIONISTES QUI SONT AU DESSUS D\u2019EUX.<\/p>\n<p><iframe loading=\"lazy\" src=\"https:\/\/www.youtube.com\/embed\/4C6RbmRykc4\" width=\"560\" height=\"315\" frameborder=\"0\" allowfullscreen=\"allowfullscreen\"><\/iframe><\/p>\n<p>&nbsp;<\/p>\n","protected":false},"excerpt":{"rendered":"Encore un d\u00e9lire de pr\u00eacheurs salafistes wahhabites issu de la maudite Arabie, \u00ab Ne priez plus sur la famille du Proph\u00e8te (P) \u00bb.\u00a0Ce n\u2019est pas une rigolade mais une parole","protected":false},"author":1,"featured_media":0,"comment_status":"open","ping_status":"closed","sticky":false,"template":"","format":"standard","meta":[],"categories":[49],"tags":[],"_links":{"self":[{"href":"https:\/\/www.lejournalduforkane.com\/index.php\/wp-json\/wp\/v2\/posts\/9553"}],"collection":[{"href":"https:\/\/www.lejournalduforkane.com\/index.php\/wp-json\/wp\/v2\/posts"}],"about":[{"href":"https:\/\/www.lejournalduforkane.com\/index.php\/wp-json\/wp\/v2\/types\/post"}],"author":[{"embeddable":true,"href":"https:\/\/www.lejournalduforkane.com\/index.php\/wp-json\/wp\/v2\/users\/1"}],"replies":[{"embeddable":true,"href":"https:\/\/www.lejournalduforkane.com\/index.php\/wp-json\/wp\/v2\/comments?post=9553"}],"version-history":[{"count":3,"href":"https:\/\/www.lejournalduforkane.com\/index.php\/wp-json\/wp\/v2\/posts\/9553\/revisions"}],"predecessor-version":[{"id":15967,"href":"https:\/\/www.lejournalduforkane.com\/index.php\/wp-json\/wp\/v2\/posts\/9553\/revisions\/15967"}],"wp:attachment":[{"href":"https:\/\/www.lejournalduforkane.com\/index.php\/wp-json\/wp\/v2\/media?parent=9553"}],"wp:term":[{"taxonomy":"category","embeddable":true,"href":"https:\/\/www.lejournalduforkane.com\/index.php\/wp-json\/wp\/v2\/categories?post=9553"},{"taxonomy":"post_tag","embeddable":true,"href":"https:\/\/www.lejournalduforkane.com\/index.php\/wp-json\/wp\/v2\/tags?post=9553"}],"curies":[{"name":"wp","href":"https:\/\/api.w.org\/{rel}","templated":true}]}}