
{"id":9590,"date":"2019-05-21T18:42:22","date_gmt":"2019-05-21T18:42:22","guid":{"rendered":"https:\/\/www.lejournalduforkane.com\/?p=1518"},"modified":"2019-05-21T18:48:12","modified_gmt":"2019-05-21T18:48:12","slug":"le-peuple-elu-2","status":"publish","type":"post","link":"https:\/\/www.lejournalduforkane.com\/index.php\/le-peuple-elu-2\/","title":{"rendered":"Le peuple \u00e9lu"},"content":{"rendered":"<p style=\"text-align: justify;\">Devant la menace am\u00e9ricano-sioniste, les arabes tournent le dos au pacte de Dieu, capitulent et collaborent. <!--more-->C\u2019est le cas en particulier de l\u2019Arabie et de l\u2019Egypte. Ces 2 pays majeurs qui devaient \u00eatre le rempart des <img loading=\"lazy\" class=\" alignright\" src=\"https:\/\/www.lejournalduforkane.com\/wp-content\/uploads\/2014\/02\/peuple-elu-2.png\" alt=\"\" width=\"154\" height=\"200\" \/>arabes contre l\u2019ennemi, se sont engag\u00e9s dans une course en avant au service d\u2019Isra\u00ebl. Les autres pays soient se taisent, soit gesticulent. Le Bahre\u00efn reproche aux arabo-musulmans de n\u2019avoir pas fait assez en faveur d\u2019Isra\u00ebl\u00a0: l\u2019hostilit\u00e9 d\u2019Isra\u00ebl vient de nous. Le Qatar propose au Hamas palestinien de lui verser une somme d\u2019argent pour lib\u00e9rer le soldat isra\u00e9lien prisonnier. Les Emirats Arabes Unis acceptent l\u2019installation d\u2019une base militaire fran\u00e7aise permanente \u00e0 10 minutes de vol de l\u2019Iran. A-t-on jamais vu une pareil vilenie et humiliation de toute une race !<\/p>\n<p style=\"text-align: justify;\">Quelles r\u00e9ponses viennent ds Etats-Unis et d\u2019Isra\u00ebl\u00a0? Un renforcement de leurs politiques de guerre. Les Etats-Unis accroissent la surveillance des Am\u00e9ricains musulmans car ils seraient susceptibles de recourir au terrorisme. Cela vient avec l\u2019affaire du voile islamique. Ce qui cr\u00e9e un climat de terreur au sein de la communaut\u00e9 islamique. Les Am\u00e9ricains proposent la mise en place d\u2019un bouclier d\u00e9fensif pour la r\u00e9gion du Moyen-Orient au cas o\u00f9 l\u2019Iran poss\u00e9derait la bombe. Alors l\u2019Arabie tue et emprisonne les ennemis de l\u2019Am\u00e9rique et d\u2019Isra\u00ebl, l\u2019Organisation des droits de l\u2019homme, bas\u00e9e aux Etats-Unis, Human Rights Watch, reproche \u00e0 l\u2019Arabie ses milliers de prisonniers sans jugement, arr\u00eat\u00e9s pour terrorisme et autres pr\u00e9textes, depuis 6 ans. Et l\u2019Egypte est condamn\u00e9e par le Parlement europ\u00e9en pour non-respect des droits de l\u2019homme. Au lieu de r\u00e9agir contre en rompant leurs relations avec les marionnettistes US et d\u2019Isra\u00ebl, ces pays arabes se jettent dans la collaboration d\u00e9sesp\u00e9r\u00e9ment.<\/p>\n<p style=\"text-align: justify;\">Seul l\u2019Iran, qui a fait \u00e9chec \u00e0 la r\u00e9volution color\u00e9e dont le but est de modifier le syst\u00e8me de l\u2019int\u00e9rieur, r\u00e9pond aux puissances par la force et tente de regrouper le maximum de groupes organis\u00e9s et d\u2019Etats musulmans ou non pour faire bloc contre le terrorisme sioniste. L\u2019Iran c\u2019est la lumi\u00e8re divine et les sionistes essaient vainement de l\u2019\u00e9teindre. Mais Dieu ne fait que l\u2019\u00e9tendre<\/p>\n<p>&nbsp;<\/p>\n","protected":false},"excerpt":{"rendered":"<p>Devant la menace am\u00e9ricano-sioniste, les arabes tournent le dos au pacte de Dieu, capitulent et collaborent.<\/p>\n","protected":false},"author":1,"featured_media":19013,"comment_status":"open","ping_status":"closed","sticky":false,"template":"","format":"standard","meta":[],"categories":[],"tags":[],"_links":{"self":[{"href":"https:\/\/www.lejournalduforkane.com\/index.php\/wp-json\/wp\/v2\/posts\/9590"}],"collection":[{"href":"https:\/\/www.lejournalduforkane.com\/index.php\/wp-json\/wp\/v2\/posts"}],"about":[{"href":"https:\/\/www.lejournalduforkane.com\/index.php\/wp-json\/wp\/v2\/types\/post"}],"author":[{"embeddable":true,"href":"https:\/\/www.lejournalduforkane.com\/index.php\/wp-json\/wp\/v2\/users\/1"}],"replies":[{"embeddable":true,"href":"https:\/\/www.lejournalduforkane.com\/index.php\/wp-json\/wp\/v2\/comments?post=9590"}],"version-history":[{"count":4,"href":"https:\/\/www.lejournalduforkane.com\/index.php\/wp-json\/wp\/v2\/posts\/9590\/revisions"}],"predecessor-version":[{"id":22681,"href":"https:\/\/www.lejournalduforkane.com\/index.php\/wp-json\/wp\/v2\/posts\/9590\/revisions\/22681"}],"wp:featuredmedia":[{"embeddable":true,"href":"https:\/\/www.lejournalduforkane.com\/index.php\/wp-json\/wp\/v2\/media\/19013"}],"wp:attachment":[{"href":"https:\/\/www.lejournalduforkane.com\/index.php\/wp-json\/wp\/v2\/media?parent=9590"}],"wp:term":[{"taxonomy":"category","embeddable":true,"href":"https:\/\/www.lejournalduforkane.com\/index.php\/wp-json\/wp\/v2\/categories?post=9590"},{"taxonomy":"post_tag","embeddable":true,"href":"https:\/\/www.lejournalduforkane.com\/index.php\/wp-json\/wp\/v2\/tags?post=9590"}],"curies":[{"name":"wp","href":"https:\/\/api.w.org\/{rel}","templated":true}]}}