
{"id":9658,"date":"2016-03-13T14:39:40","date_gmt":"2016-03-13T14:39:40","guid":{"rendered":"https:\/\/www.lejournalduforkane.com\/?p=9559"},"modified":"2016-03-20T14:55:34","modified_gmt":"2016-03-20T14:55:34","slug":"en-image-mossoul-larrivee-de-renforts","status":"publish","type":"post","link":"https:\/\/www.lejournalduforkane.com\/index.php\/en-image-mossoul-larrivee-de-renforts\/","title":{"rendered":"[En IMAGE] Mossoul&#8230; L&rsquo;arriv\u00e9e de renforts&#8230;"},"content":{"rendered":"<p><!--more-->Mossoul&#8230; L&rsquo;arriv\u00e9e de renforts dans un camp de lib\u00e9ration de la ville de Ninive (Sud de la province de Mossoul).<\/p>\n<p><img loading=\"lazy\" class=\"alignnone size-medium wp-image-9803\" src=\"https:\/\/www.lejournalduforkane.com\/wp-content\/uploads\/2016\/03\/renfort-4-300x225.jpg\" alt=\"renfort 4\" width=\"300\" height=\"225\" srcset=\"https:\/\/www.lejournalduforkane.com\/wp-content\/uploads\/2016\/03\/renfort-4-300x225.jpg 300w, https:\/\/www.lejournalduforkane.com\/wp-content\/uploads\/2016\/03\/renfort-4-768x576.jpg 768w, https:\/\/www.lejournalduforkane.com\/wp-content\/uploads\/2016\/03\/renfort-4.jpg 960w\" sizes=\"(max-width: 300px) 100vw, 300px\" \/> <img loading=\"lazy\" class=\"alignnone size-medium wp-image-9804\" src=\"https:\/\/www.lejournalduforkane.com\/wp-content\/uploads\/2016\/03\/renfort-3-300x225.jpg\" alt=\"renfort 3\" width=\"300\" height=\"225\" srcset=\"https:\/\/www.lejournalduforkane.com\/wp-content\/uploads\/2016\/03\/renfort-3-300x225.jpg 300w, https:\/\/www.lejournalduforkane.com\/wp-content\/uploads\/2016\/03\/renfort-3-768x576.jpg 768w, https:\/\/www.lejournalduforkane.com\/wp-content\/uploads\/2016\/03\/renfort-3.jpg 960w\" sizes=\"(max-width: 300px) 100vw, 300px\" \/> <img loading=\"lazy\" class=\"alignnone size-medium wp-image-9805\" src=\"https:\/\/www.lejournalduforkane.com\/wp-content\/uploads\/2016\/03\/renfort-2-300x225.jpg\" alt=\"renfort 2\" width=\"300\" height=\"225\" srcset=\"https:\/\/www.lejournalduforkane.com\/wp-content\/uploads\/2016\/03\/renfort-2-300x225.jpg 300w, https:\/\/www.lejournalduforkane.com\/wp-content\/uploads\/2016\/03\/renfort-2-768x576.jpg 768w, https:\/\/www.lejournalduforkane.com\/wp-content\/uploads\/2016\/03\/renfort-2.jpg 960w\" sizes=\"(max-width: 300px) 100vw, 300px\" \/> <img loading=\"lazy\" class=\"alignnone size-medium wp-image-9806\" src=\"https:\/\/www.lejournalduforkane.com\/wp-content\/uploads\/2016\/03\/renfort-1-1-300x225.jpg\" alt=\"renfort 1\" width=\"300\" height=\"225\" srcset=\"https:\/\/www.lejournalduforkane.com\/wp-content\/uploads\/2016\/03\/renfort-1-1-300x225.jpg 300w, https:\/\/www.lejournalduforkane.com\/wp-content\/uploads\/2016\/03\/renfort-1-1.jpg 480w\" sizes=\"(max-width: 300px) 100vw, 300px\" \/><\/p>\n","protected":false},"excerpt":{"rendered":"Mossoul... L'arriv\u00e9e de renforts dans un camp de lib\u00e9ration de la ville de Ninive (Sud de la province de Mossoul).","protected":false},"author":1,"featured_media":0,"comment_status":"open","ping_status":"closed","sticky":false,"template":"","format":"standard","meta":[],"categories":[],"tags":[],"_links":{"self":[{"href":"https:\/\/www.lejournalduforkane.com\/index.php\/wp-json\/wp\/v2\/posts\/9658"}],"collection":[{"href":"https:\/\/www.lejournalduforkane.com\/index.php\/wp-json\/wp\/v2\/posts"}],"about":[{"href":"https:\/\/www.lejournalduforkane.com\/index.php\/wp-json\/wp\/v2\/types\/post"}],"author":[{"embeddable":true,"href":"https:\/\/www.lejournalduforkane.com\/index.php\/wp-json\/wp\/v2\/users\/1"}],"replies":[{"embeddable":true,"href":"https:\/\/www.lejournalduforkane.com\/index.php\/wp-json\/wp\/v2\/comments?post=9658"}],"version-history":[{"count":3,"href":"https:\/\/www.lejournalduforkane.com\/index.php\/wp-json\/wp\/v2\/posts\/9658\/revisions"}],"predecessor-version":[{"id":9808,"href":"https:\/\/www.lejournalduforkane.com\/index.php\/wp-json\/wp\/v2\/posts\/9658\/revisions\/9808"}],"wp:attachment":[{"href":"https:\/\/www.lejournalduforkane.com\/index.php\/wp-json\/wp\/v2\/media?parent=9658"}],"wp:term":[{"taxonomy":"category","embeddable":true,"href":"https:\/\/www.lejournalduforkane.com\/index.php\/wp-json\/wp\/v2\/categories?post=9658"},{"taxonomy":"post_tag","embeddable":true,"href":"https:\/\/www.lejournalduforkane.com\/index.php\/wp-json\/wp\/v2\/tags?post=9658"}],"curies":[{"name":"wp","href":"https:\/\/api.w.org\/{rel}","templated":true}]}}