
{"id":9761,"date":"2016-03-20T10:41:57","date_gmt":"2016-03-20T10:41:57","guid":{"rendered":"http:\/\/158.255.2.50\/?p=9761"},"modified":"2016-03-20T10:42:27","modified_gmt":"2016-03-20T10:42:27","slug":"video-ahmed-dawabsheh-oubliera-t-il-a-jamais-la-mort-de-sa-famille","status":"publish","type":"post","link":"https:\/\/www.lejournalduforkane.com\/index.php\/video-ahmed-dawabsheh-oubliera-t-il-a-jamais-la-mort-de-sa-famille\/","title":{"rendered":"[Vid\u00e9o] | Ahmed Dawabsheh: oubliera t-il \u00e0 jamais la mort de sa famille ?"},"content":{"rendered":"<p style=\"text-align: justify;\"><!--more--><span style=\"color: #000000;\">[Vid\u00e9o] | Tout a \u00e9t\u00e9 fait pour lui faire oublier ses douleurs, mais oubliera t-il \u00e0 jamais la mort de sa famille ?<\/span><br \/>\n<span style=\"color: #000000;\"> Merci Real Madrid !<\/span><\/p>\n<p><iframe loading=\"lazy\" src=\"https:\/\/www.youtube.com\/embed\/BDxhoQcIbrE\" width=\"560\" height=\"315\" frameborder=\"0\" allowfullscreen=\"allowfullscreen\"><\/iframe><\/p>\n<p style=\"text-align: justify;\"><img loading=\"lazy\" class=\"alignnone size-medium wp-image-9762\" src=\"http:\/\/158.255.2.50\/wp-content\/uploads\/2016\/03\/real-ahmed-300x172.jpg\" alt=\"real ahmed\" width=\"300\" height=\"172\" srcset=\"https:\/\/www.lejournalduforkane.com\/wp-content\/uploads\/2016\/03\/real-ahmed-300x172.jpg 300w, https:\/\/www.lejournalduforkane.com\/wp-content\/uploads\/2016\/03\/real-ahmed.jpg 589w\" sizes=\"(max-width: 300px) 100vw, 300px\" \/><\/p>\n","protected":false},"excerpt":{"rendered":"[Vid\u00e9o] | Tout a \u00e9t\u00e9 fait pour lui faire oublier ses douleurs, mais oubliera t-il \u00e0 jamais la mort de sa famille ? Merci Real Madrid !","protected":false},"author":2,"featured_media":0,"comment_status":"open","ping_status":"open","sticky":false,"template":"","format":"standard","meta":[],"categories":[],"tags":[],"_links":{"self":[{"href":"https:\/\/www.lejournalduforkane.com\/index.php\/wp-json\/wp\/v2\/posts\/9761"}],"collection":[{"href":"https:\/\/www.lejournalduforkane.com\/index.php\/wp-json\/wp\/v2\/posts"}],"about":[{"href":"https:\/\/www.lejournalduforkane.com\/index.php\/wp-json\/wp\/v2\/types\/post"}],"author":[{"embeddable":true,"href":"https:\/\/www.lejournalduforkane.com\/index.php\/wp-json\/wp\/v2\/users\/2"}],"replies":[{"embeddable":true,"href":"https:\/\/www.lejournalduforkane.com\/index.php\/wp-json\/wp\/v2\/comments?post=9761"}],"version-history":[{"count":2,"href":"https:\/\/www.lejournalduforkane.com\/index.php\/wp-json\/wp\/v2\/posts\/9761\/revisions"}],"predecessor-version":[{"id":9764,"href":"https:\/\/www.lejournalduforkane.com\/index.php\/wp-json\/wp\/v2\/posts\/9761\/revisions\/9764"}],"wp:attachment":[{"href":"https:\/\/www.lejournalduforkane.com\/index.php\/wp-json\/wp\/v2\/media?parent=9761"}],"wp:term":[{"taxonomy":"category","embeddable":true,"href":"https:\/\/www.lejournalduforkane.com\/index.php\/wp-json\/wp\/v2\/categories?post=9761"},{"taxonomy":"post_tag","embeddable":true,"href":"https:\/\/www.lejournalduforkane.com\/index.php\/wp-json\/wp\/v2\/tags?post=9761"}],"curies":[{"name":"wp","href":"https:\/\/api.w.org\/{rel}","templated":true}]}}