
{"id":9782,"date":"2016-09-08T16:44:58","date_gmt":"2016-09-08T16:44:58","guid":{"rendered":"http:\/\/158.255.2.50\/?p=9782"},"modified":"2016-09-08T18:31:04","modified_gmt":"2016-09-08T18:31:04","slug":"video-une-femme-non-musulmane-proteste-contre-le-genocide-au-yemen","status":"publish","type":"post","link":"https:\/\/www.lejournalduforkane.com\/index.php\/video-une-femme-non-musulmane-proteste-contre-le-genocide-au-yemen\/","title":{"rendered":"[Vid\u00e9o] | Une femme non musulmane proteste contre le g\u00e9nocide au Y\u00e9men"},"content":{"rendered":"<p><span style=\"color: #000000;\"><!--more-->[Vid\u00e9o] | CETTE FEMME N&rsquo;EST PAS MUSULMANE MAIS PROTESTE CONTRE LE G\u00c9NOCIDE DE L&rsquo;ARABIE G\u00c9NOCIDE CONTRE LE Y\u00c9MEN<\/span><\/p>\n<p><span style=\"color: #000000;\">Ce qui nous \u00e9tonne dans l\u2019agression contre le peuple b\u00e9ni par le Proph\u00e8te (P), ce qui n\u2019est pas rien, en tout cas pour un Musulman, c\u2019est le silence complice : de l\u2019Occident et de la majorit\u00e9 des Musulmans.<\/span><br \/>\n<iframe loading=\"lazy\" src=\"https:\/\/www.youtube.com\/embed\/e1qB8vVHbmA\" width=\"420\" height=\"315\" frameborder=\"0\" allowfullscreen=\"allowfullscreen\"><\/iframe><br \/>\n<img loading=\"lazy\" class=\"alignnone size-medium wp-image-9783\" src=\"http:\/\/158.255.2.50\/wp-content\/uploads\/2016\/03\/non-musulmanr-300x229.jpg\" alt=\"non musulmanr\" width=\"300\" height=\"229\" srcset=\"https:\/\/www.lejournalduforkane.com\/wp-content\/uploads\/2016\/03\/non-musulmanr-300x229.jpg 300w, https:\/\/www.lejournalduforkane.com\/wp-content\/uploads\/2016\/03\/non-musulmanr.jpg 422w\" sizes=\"(max-width: 300px) 100vw, 300px\" \/><\/p>\n","protected":false},"excerpt":{"rendered":"[Vid\u00e9o] | CETTE FEMME N'EST PAS MUSULMANE MAIS PROTESTE CONTRE LE G\u00c9NOCIDE DE L'ARABIE G\u00c9NOCIDE CONTRE LE Y\u00c9MEN Ce qui nous \u00e9tonne dans l\u2019agression contre le peuple b\u00e9ni par le","protected":false},"author":2,"featured_media":0,"comment_status":"open","ping_status":"open","sticky":false,"template":"","format":"standard","meta":[],"categories":[],"tags":[],"_links":{"self":[{"href":"https:\/\/www.lejournalduforkane.com\/index.php\/wp-json\/wp\/v2\/posts\/9782"}],"collection":[{"href":"https:\/\/www.lejournalduforkane.com\/index.php\/wp-json\/wp\/v2\/posts"}],"about":[{"href":"https:\/\/www.lejournalduforkane.com\/index.php\/wp-json\/wp\/v2\/types\/post"}],"author":[{"embeddable":true,"href":"https:\/\/www.lejournalduforkane.com\/index.php\/wp-json\/wp\/v2\/users\/2"}],"replies":[{"embeddable":true,"href":"https:\/\/www.lejournalduforkane.com\/index.php\/wp-json\/wp\/v2\/comments?post=9782"}],"version-history":[{"count":1,"href":"https:\/\/www.lejournalduforkane.com\/index.php\/wp-json\/wp\/v2\/posts\/9782\/revisions"}],"predecessor-version":[{"id":9784,"href":"https:\/\/www.lejournalduforkane.com\/index.php\/wp-json\/wp\/v2\/posts\/9782\/revisions\/9784"}],"wp:attachment":[{"href":"https:\/\/www.lejournalduforkane.com\/index.php\/wp-json\/wp\/v2\/media?parent=9782"}],"wp:term":[{"taxonomy":"category","embeddable":true,"href":"https:\/\/www.lejournalduforkane.com\/index.php\/wp-json\/wp\/v2\/categories?post=9782"},{"taxonomy":"post_tag","embeddable":true,"href":"https:\/\/www.lejournalduforkane.com\/index.php\/wp-json\/wp\/v2\/tags?post=9782"}],"curies":[{"name":"wp","href":"https:\/\/api.w.org\/{rel}","templated":true}]}}