
{"id":994,"date":"2017-04-10T11:00:15","date_gmt":"2017-04-10T11:00:15","guid":{"rendered":"https:\/\/www.lejournalduforkane.com\/?p=994"},"modified":"2017-05-11T18:40:47","modified_gmt":"2017-05-11T18:40:47","slug":"la-syrie-et-le-reste-du-monde","status":"publish","type":"post","link":"https:\/\/www.lejournalduforkane.com\/index.php\/la-syrie-et-le-reste-du-monde\/","title":{"rendered":"1. La Syrie et le reste du monde"},"content":{"rendered":"<div>\n<p style=\"text-align: justify;\" align=\"center\">Apr\u00e8s plusieurs reprises, le roi Abdallah se rend en Syrie pour aller ensemble apaiser les tensions au Liban. <!--more-->Le roi Abdallah est ensuite convoquer aux USA. De retour en Arabie, il d\u00e9clare abandonner le probl\u00e8me libanais. Ce qu\u2019il fait savoir \u00e0 la Syrie par un \u00e9missaire. D\u00e8s lors, commence le complot international contre la Syrie et son Pr\u00e9sident, Bachar Al-Assad. Tout le monde s\u2019y met. Les monarchies du Golfe, f\u00e9odales et autocratiques, demandent \u00e0 la Syrie de mettre en place des r\u00e9formes\u2026 M\u00eame le Bahre\u00efn qui massacre\u00a0 sa population avec le soutien massif de l\u2019Arabie, est de la partie. On parle de \u00ab\u00a0conflit ethnique\u00a0\u00bb. La Ligue arabe dans sa quasi-unanimit\u00e9 vote des sanctions \u00e9conomiques. Un pays est plus vil que les autres dans cette affaire syrienne, c\u2019est le Qatar avec sa cha\u00eene d\u2019information \u00ab\u00a0Al-Jazeera\u00a0\u00bb, qui cherche la destruction la plus rapide possible de la Syrie.<\/p>\n<p style=\"text-align: justify;\" align=\"center\">La Turquie ne l\u00e9sine pas sur les menaces de sanctions (en particulier sur l\u2019eau et l\u2019\u00e9lectricit\u00e9) et veut \u00e9tablir une zone tampon \u00e0 sa fronti\u00e8re avec la Syrie. Pour ce genre d\u2019effort, la Turquie (qui n\u2019entrera jamais en Europe) est invit\u00e9e en tant qu\u2019observateur \u00e0 la Ligue arabe. Il semble que les Turcs soient plus concrets envers la Syrie qu\u2019avec Isra\u00ebl. Ses menaces contre Isra\u00ebl ne sont que verbales, jamais suivies d\u2019actes. Ils ne sont simplement que born\u00e9s et brutaux. Ce qui nous donne \u00e0 y croire. M\u00eame Sarkozy a compris qu\u2019ils parlent pour ne rien dire.<\/p>\n<p style=\"text-align: justify;\" align=\"center\">Mais si la Syrie tombe, Isra\u00ebl sera plus proche g\u00e9opolitiquement de la Turquie, aidera en armes et financera les ennemis de la Turquie comme le PKK. On sait d\u00e9j\u00e0 que le PKK est renforc\u00e9 par des britanniques et Am\u00e9ricains entre autres. C\u2019est pourquoi Erdogan du parti AKP au pouvoir, a cherch\u00e9 \u00e0 donner plus de droits pour r\u00e9gler la question kurde. Mais la Cour supr\u00eame, marionnette des sionistes \u00e0 l\u2019ombre du pouvoir, s\u2019en prend au parti kurde mod\u00e9r\u00e9 qui si\u00e8ge \u00e0 l\u2019Assembl\u00e9e. De m\u00eame, les Arabes qui votent des sanctions font n\u2019importe quoi pour survivre.<\/p>\n<p align=\"center\"><strong>Al Mahdi saura sortir les sionistes ou arabes des pays musulmans et autres pour \u00e9viter la mort lente et certaine des peuples.<\/strong><\/p>\n<\/div>\n<p><strong>\u00a0<\/strong><\/p>\n","protected":false},"excerpt":{"rendered":"<p>Apr\u00e8s plusieurs reprises, le roi Abdallah se rend en Syrie pour aller ensemble apaiser les tensions au Liban.<\/p>\n","protected":false},"author":2,"featured_media":0,"comment_status":"open","ping_status":"closed","sticky":false,"template":"","format":"standard","meta":[],"categories":[],"tags":[],"_links":{"self":[{"href":"https:\/\/www.lejournalduforkane.com\/index.php\/wp-json\/wp\/v2\/posts\/994"}],"collection":[{"href":"https:\/\/www.lejournalduforkane.com\/index.php\/wp-json\/wp\/v2\/posts"}],"about":[{"href":"https:\/\/www.lejournalduforkane.com\/index.php\/wp-json\/wp\/v2\/types\/post"}],"author":[{"embeddable":true,"href":"https:\/\/www.lejournalduforkane.com\/index.php\/wp-json\/wp\/v2\/users\/2"}],"replies":[{"embeddable":true,"href":"https:\/\/www.lejournalduforkane.com\/index.php\/wp-json\/wp\/v2\/comments?post=994"}],"version-history":[{"count":3,"href":"https:\/\/www.lejournalduforkane.com\/index.php\/wp-json\/wp\/v2\/posts\/994\/revisions"}],"predecessor-version":[{"id":16275,"href":"https:\/\/www.lejournalduforkane.com\/index.php\/wp-json\/wp\/v2\/posts\/994\/revisions\/16275"}],"wp:attachment":[{"href":"https:\/\/www.lejournalduforkane.com\/index.php\/wp-json\/wp\/v2\/media?parent=994"}],"wp:term":[{"taxonomy":"category","embeddable":true,"href":"https:\/\/www.lejournalduforkane.com\/index.php\/wp-json\/wp\/v2\/categories?post=994"},{"taxonomy":"post_tag","embeddable":true,"href":"https:\/\/www.lejournalduforkane.com\/index.php\/wp-json\/wp\/v2\/tags?post=994"}],"curies":[{"name":"wp","href":"https:\/\/api.w.org\/{rel}","templated":true}]}}